{"id":78,"date":"2021-05-23T20:06:33","date_gmt":"2021-05-23T20:06:33","guid":{"rendered":"https:\/\/samatha.yoga\/blog\/?p=78"},"modified":"2021-05-23T20:08:57","modified_gmt":"2021-05-23T20:08:57","slug":"formacion-en-litoterapia","status":"publish","type":"post","link":"https:\/\/samatha.yoga\/blog\/?p=78","title":{"rendered":"Formaci\u00f3n en litoterapia"},"content":{"rendered":"\n<figure class=\"wp-block-image size-large\"><img loading=\"lazy\" decoding=\"async\" width=\"1024\" height=\"683\" src=\"https:\/\/samatha.yoga\/blog\/wp-content\/uploads\/2021\/05\/crystals_aug18_v1_-1024x683.jpg\" alt=\"\" class=\"wp-image-81\" srcset=\"https:\/\/samatha.yoga\/blog\/wp-content\/uploads\/2021\/05\/crystals_aug18_v1_-1024x683.jpg 1024w, https:\/\/samatha.yoga\/blog\/wp-content\/uploads\/2021\/05\/crystals_aug18_v1_-300x200.jpg 300w, https:\/\/samatha.yoga\/blog\/wp-content\/uploads\/2021\/05\/crystals_aug18_v1_-768x512.jpg 768w, https:\/\/samatha.yoga\/blog\/wp-content\/uploads\/2021\/05\/crystals_aug18_v1_.jpg 1200w\" sizes=\"auto, (max-width: 1024px) 100vw, 1024px\" \/><figcaption>Meditaci\u00f3n consciente con gemas<\/figcaption><\/figure>\n\n\n\n<blockquote class=\"wp-block-quote has-text-align-left is-layout-flow wp-block-quote-is-layout-flow\"><p><span class=\"has-inline-color has-accent-color\">\u00abLos cristales son seres vivos del principio de la creaci\u00f3n. Todas las cosas tienen una frecuencia y una vibraci\u00f3n\u00bb.<\/span><\/p><cite>Nikola Tesla<\/cite><\/blockquote>\n\n\n\n<p class=\"has-text-align-left\">Desde tiempos remotos, el hombre ha utilizado las piedras por sus poderes curativos. Desde India hasta China se ha afirmado que sus propiedades vibratorias pueden utilizarse como herramienta de autoayuda a nivel f\u00edsico, emocional y espiritual.<\/p>\n\n\n\n<p>Los cient\u00edficos y Premios Nobel de Qu\u00edmica Robert F. Curl, Sir Harold W. Kroto y Richard E. Smalley fueros los descubridores de los <em>fullerenes <\/em>y de las magn\u00edficas propiedades de la piedra Shungit. Ellos creyeron en la existencia de esas vibraciones y sus propiedades desde el inicio de sus investigaciones.<\/p>\n\n\n\n<p>El cient\u00edfico escoc\u00e9s James Clerk Maxweel se sirvi\u00f3 del electromagnetismo y la teor\u00eda cu\u00e1ntica para explicar el cambio que las vibraciones de las piedras pueden producir en los cuerpos u objetos que se encuentren en el mismo espacio que las piedras. <\/p>\n\n\n\n<p>No podemos negar que, actualmente, la mayor\u00eda de los cient\u00edficos se niega a admitir dichas afirmaciones, a pesar de las investigaciones existentes. Este comportamiento puede recordarnos a la conocida negaci\u00f3n de la existencia de los chakras, que finalmente pudo demostrarse mediante la m\u00e1quina A.M.I. (sistema computerizado para la medici\u00f3n de los meridianos energ\u00e9ticos del cuerpo), inventada por el cient\u00edfico japon\u00e9s Dr. Hiroshi Motoyama en los a\u00f1os noventa.<\/p>\n\n\n\n<p>Personalmente, me he formado y realizado pr\u00e1cticas en el campo de la litoterapia. Sus aplicaciones, junto a las de la aromaterapia y la meditaci\u00f3n, me han hecho constatar cambios a nivel f\u00edsico que han sido beneficiosos tanto en mi sadhana como en mi vida. Por ello, puedo decir que creo en aquello que he experimentado, sin necesidad de rebatir otras creencias o afirmaciones y respetando todos los puntos de vista.<\/p>\n\n\n\n<p>Por lo tanto, si crees en lo intangible, en los beneficios del <em>Earthing <\/em>o de caminar descalzo sobre la hierba, en sentir la energ\u00eda de la tierra y la naturaleza, en las vibraciones de los \u00e1rboles, los ba\u00f1os del bosque, el efecto de los iones negativos, en el poder del pensamiento positivo y de la meditaci\u00f3n: esta formaci\u00f3n es para ti.<\/p>\n\n\n\n<p>Aprender\u00e1s la historia, las propiedades de los minerales, sus cuidados, limpieza y c\u00f3mo utilizarlos. Conocer\u00e1s qu\u00e9 piedras son m\u00e1s afines o m\u00e1s \u00fatiles para ti, c\u00f3mo emplear la aromaterapia y alinear los chakras durante tu pr\u00e1ctica de yoga.<\/p>\n\n\n\n<p>En esta formaci\u00f3n realizaremos ejercicios espec\u00edficos meditativos para cultivar el pensamiento positivo, eliminar antiguos patrones que no necesites y abrazar nuevos h\u00e1bitos saludables en tu vida. Es accesible para todos, sin ning\u00fan requisito previo.<\/p>\n\n\n\n<p>En esta formaci\u00f3n, como ya ha ocurrido con las anteriores, nos adaptamos a la energ\u00eda y las necesidades del grupo. Fluiremos con la energ\u00eda del mismo.<\/p>\n\n\n\n<p>Durante seis m\u00f3dulos trabajar\u00e1s de forma did\u00e1ctica, pr\u00e1ctica y divertida: aprender\u00e1s de forma consciente para poder aplicar todos los nuevos conocimientos en tu d\u00eda a d\u00eda. <\/p>\n\n\n\n<p>Namast\u00e9 bendito ser<\/p>\n\n\n\n<p>Consulta nuestras <a href=\"https:\/\/g.page\/samatha-yoga-torrevieja?gm\" data-type=\"URL\" data-id=\"https:\/\/g.page\/samatha-yoga-torrevieja?gm\" target=\"_blank\" rel=\"noreferrer noopener\">rese\u00f1as<\/a> en Google y <a rel=\"noreferrer noopener\" href=\"https:\/\/www.youtube.com\/watch?v=W5FvkLpkR6Q\" data-type=\"URL\" data-id=\"https:\/\/www.youtube.com\/watch?v=W5FvkLpkR6Q\" target=\"_blank\">v\u00eddeo-rese\u00f1a<\/a> de formaciones anteriores.<\/p>\n","protected":false},"excerpt":{"rendered":"<p>\u00abLos cristales son seres vivos del principio de la creaci\u00f3n. Todas las cosas tienen una frecuencia y una vibraci\u00f3n\u00bb. Nikola Tesla Desde tiempos remotos, el hombre ha utilizado las piedras por sus poderes curativos. Desde India hasta China se ha afirmado que sus propiedades vibratorias pueden utilizarse como herramienta de autoayuda a nivel f\u00edsico, emocional [&hellip;]<\/p>\n","protected":false},"author":3,"featured_media":0,"comment_status":"open","ping_status":"open","sticky":false,"template":"","format":"standard","meta":{"footnotes":""},"categories":[8],"tags":[],"class_list":["post-78","post","type-post","status-publish","format-standard","hentry","category-formaciones"],"_links":{"self":[{"href":"https:\/\/samatha.yoga\/blog\/index.php?rest_route=\/wp\/v2\/posts\/78","targetHints":{"allow":["GET"]}}],"collection":[{"href":"https:\/\/samatha.yoga\/blog\/index.php?rest_route=\/wp\/v2\/posts"}],"about":[{"href":"https:\/\/samatha.yoga\/blog\/index.php?rest_route=\/wp\/v2\/types\/post"}],"author":[{"embeddable":true,"href":"https:\/\/samatha.yoga\/blog\/index.php?rest_route=\/wp\/v2\/users\/3"}],"replies":[{"embeddable":true,"href":"https:\/\/samatha.yoga\/blog\/index.php?rest_route=%2Fwp%2Fv2%2Fcomments&post=78"}],"version-history":[{"count":5,"href":"https:\/\/samatha.yoga\/blog\/index.php?rest_route=\/wp\/v2\/posts\/78\/revisions"}],"predecessor-version":[{"id":85,"href":"https:\/\/samatha.yoga\/blog\/index.php?rest_route=\/wp\/v2\/posts\/78\/revisions\/85"}],"wp:attachment":[{"href":"https:\/\/samatha.yoga\/blog\/index.php?rest_route=%2Fwp%2Fv2%2Fmedia&parent=78"}],"wp:term":[{"taxonomy":"category","embeddable":true,"href":"https:\/\/samatha.yoga\/blog\/index.php?rest_route=%2Fwp%2Fv2%2Fcategories&post=78"},{"taxonomy":"post_tag","embeddable":true,"href":"https:\/\/samatha.yoga\/blog\/index.php?rest_route=%2Fwp%2Fv2%2Ftags&post=78"}],"curies":[{"name":"wp","href":"https:\/\/api.w.org\/{rel}","templated":true}]}}